{"id":1675,"date":"2023-02-07T20:19:13","date_gmt":"2023-02-07T20:19:13","guid":{"rendered":"https:\/\/www.salusottawa.org\/fr\/?post_type=news&#038;p=1675"},"modified":"2023-02-07T20:21:05","modified_gmt":"2023-02-07T20:21:05","slug":"40-locataires-temporairement-deplaces-en-raison-dune-inondation","status":"publish","type":"news","link":"https:\/\/www.salusottawa.org\/fr\/news\/40-locataires-temporairement-deplaces-en-raison-dune-inondation\/","title":{"rendered":"40 locataires temporairement d\u00e9plac\u00e9s en raison d&#8217;une inondation"},"content":{"rendered":"<p>Le 6 f\u00e9vrier 2023<\/p>\n<p>Pendant les temp\u00e9ratures glaciales du week-end, un tuyau d&#8217;arrosage a \u00e9clat\u00e9 samedi matin dans l&#8217;un des immeubles d&#8217;habitation ind\u00e9pendants d&#8217;Ottawa Salus. Cet immeuble, situ\u00e9 sur Athlone \u00e0 Scott, offre des logements avec soutien \u00e0 40 locataires ayant des probl\u00e8mes de sant\u00e9 mentale et de toxicomanie. Tous les locataires ont un revenu limit\u00e9 et beaucoup re\u00e7oivent le POSPH.<\/p>\n<p>L&#8217;immeuble a \u00e9t\u00e9 inond\u00e9 et est inhabitable. Le personnel est intervenu imm\u00e9diatement. L&#8217;immeuble a \u00e9t\u00e9 \u00e9vacu\u00e9 samedi et les locataires ont tous \u00e9t\u00e9 relog\u00e9s temporairement. Certains locataires sont dans des h\u00f4tels et d&#8217;autres sont en famille.<\/p>\n<p>Cet apr\u00e8s-midi, les m\u00e9dias auront l&#8217;occasion de visiter le b\u00e2timent, de constater l&#8217;\u00e9tendue des d\u00e9g\u00e2ts et de s&#8217;entretenir avec le directeur g\u00e9n\u00e9ral et le personnel de soutien. Nous travaillons \u00e9galement avec une locataire d\u00e9plac\u00e9e pour qu&#8217;elle soit disponible pour une interview.<\/p>\n<p>Salus est toujours en cours d&#8217;\u00e9valuation de l&#8217;\u00e9tendue des d\u00e9g\u00e2ts, du temps que prendront les r\u00e9parations et des co\u00fbts. Les locataires ont temporairement perdu leur maison et ont d\u00fb laisser derri\u00e8re eux la plupart de leurs biens. C&#8217;est tr\u00e8s perturbant, surtout pour les personnes qui vivent d\u00e9j\u00e0 avec des probl\u00e8mes de sant\u00e9 mentale et de toxicomanie.<\/p>\n<p>La plupart des locataires n&#8217;avaient pas d&#8217;assurance locataire. Le co\u00fbt de l&#8217;h\u00e9bergement temporaire des locataires est nettement sup\u00e9rieur \u00e0 ce que l&#8217;assurance couvre. Certains locataires avaient d\u00e9j\u00e0 rempli leur r\u00e9frig\u00e9rateur pour le mois. Tous ont besoin d&#8217;un soutien financier pour remplacer la nourriture qu&#8217;ils ont laiss\u00e9e derri\u00e8re eux.<\/p>\n<p>Ottawa Salus fait appel \u00e0 la communaut\u00e9 pour un soutien financier d&#8217;urgence.<\/p>\n<p>Avec tout le personnel et les locataires d\u00e9plac\u00e9s, Salus ne peut pas recevoir et trier la nourriture ou les articles donn\u00e9s. Un soutien financier est n\u00e9cessaire <a href=\"https:\/\/www.salusottawa.org\/fr\/soutenez-salus\/\">https:\/\/www.salusottawa.org\/fr\/soutenez-salus\/<\/a> .<\/p>\n","protected":false},"template":"","news_category":[9],"class_list":["post-1675","news","type-news","status-publish","hentry","news_category-salle-de-presse"],"acf":[],"_links":{"self":[{"href":"https:\/\/www.salusottawa.org\/fr\/wp-json\/wp\/v2\/news\/1675","targetHints":{"allow":["GET"]}}],"collection":[{"href":"https:\/\/www.salusottawa.org\/fr\/wp-json\/wp\/v2\/news"}],"about":[{"href":"https:\/\/www.salusottawa.org\/fr\/wp-json\/wp\/v2\/types\/news"}],"wp:attachment":[{"href":"https:\/\/www.salusottawa.org\/fr\/wp-json\/wp\/v2\/media?parent=1675"}],"wp:term":[{"taxonomy":"news_category","embeddable":true,"href":"https:\/\/www.salusottawa.org\/fr\/wp-json\/wp\/v2\/news_category?post=1675"}],"curies":[{"name":"wp","href":"https:\/\/api.w.org\/{rel}","templated":true}]}}